{"id":659,"date":"2025-07-01T10:06:15","date_gmt":"2025-07-01T08:06:15","guid":{"rendered":"http:\/\/desmotspourdesmaux.org\/?p=659"},"modified":"2025-07-01T10:36:09","modified_gmt":"2025-07-01T08:36:09","slug":"les-pages-silencieuses-qui-pansent-mes-blessures-invisibles","status":"publish","type":"post","link":"https:\/\/desmotspourdesmaux.org\/en\/2025\/07\/01\/les-pages-silencieuses-qui-pansent-mes-blessures-invisibles\/","title":{"rendered":"Les pages silencieuses qui pansent mes blessures invisibles"},"content":{"rendered":"<p>Il y a des jours o\u00f9 je ne vais pas bien.\ud83d\ude0c<br>Des jours o\u00f9 je me sens diff\u00e9rente, fatigu\u00e9e \ud83d\ude2a incomprise.\u00catre une personne atypique comme moi, ce n\u2019est pas juste une r\u00e9alit\u00e9 physique. C\u2019est aussi un combat int\u00e9rieur, silencieux, constant.<br>Alors quand \u00e7a ne va pas, je m\u2019assois, j\u2019ouvre Le Livre et je me reconnecte \u00e0 moi-m\u00eame. La lecture et la m\u00e9ditation m\u2019apaisent. Elles me parlent sans me juger. Elles m\u2019\u00e9l\u00e8vent, quand le monde veut me faire sentir insignifiante.\ud83e\udd79\ud83e\udd79<br>Parce que oui, je suis peut-\u00eatre insignifiante pour les humains, mais immense par ce que je porte en moi.<br>Je lis pour gu\u00e9rir. Je lis pour grandir. Je lis pour me rappeler que ma valeur ne se mesure pas en qualificatifs des Hommes, mais en courage de croire en moi-m\u00eame et en Dieu, mon Cr\u00e9ateur.\u2764\ufe0f\u2764\ufe0f<\/p>\n\n\n\n<p><strong>Farida Ab\u00e8ni OSSENI AGOSSOU<\/strong><br>Dispensatrice de faveurs imm\u00e9rit\u00e9es re\u00e7ues.<\/p>","protected":false},"excerpt":{"rendered":"<p>Il y a des jours o\u00f9 je ne vais pas bien.\ud83d\ude0cDes jours o\u00f9 je me sens diff\u00e9rente, fatigu\u00e9e \ud83d\ude2a incomprise.\u00catre une personne atypique comme moi, ce n\u2019est pas juste une &hellip; <\/p>","protected":false},"author":1,"featured_media":0,"comment_status":"open","ping_status":"open","sticky":false,"template":"","format":"standard","meta":{"footnotes":""},"categories":[8],"tags":[],"class_list":["post-659","post","type-post","status-publish","format-standard","hentry","category-sante-mentale","has-meta has-sticky-meta"],"_links":{"self":[{"href":"https:\/\/desmotspourdesmaux.org\/en\/wp-json\/wp\/v2\/posts\/659","targetHints":{"allow":["GET"]}}],"collection":[{"href":"https:\/\/desmotspourdesmaux.org\/en\/wp-json\/wp\/v2\/posts"}],"about":[{"href":"https:\/\/desmotspourdesmaux.org\/en\/wp-json\/wp\/v2\/types\/post"}],"author":[{"embeddable":true,"href":"https:\/\/desmotspourdesmaux.org\/en\/wp-json\/wp\/v2\/users\/1"}],"replies":[{"embeddable":true,"href":"https:\/\/desmotspourdesmaux.org\/en\/wp-json\/wp\/v2\/comments?post=659"}],"version-history":[{"count":1,"href":"https:\/\/desmotspourdesmaux.org\/en\/wp-json\/wp\/v2\/posts\/659\/revisions"}],"predecessor-version":[{"id":660,"href":"https:\/\/desmotspourdesmaux.org\/en\/wp-json\/wp\/v2\/posts\/659\/revisions\/660"}],"wp:attachment":[{"href":"https:\/\/desmotspourdesmaux.org\/en\/wp-json\/wp\/v2\/media?parent=659"}],"wp:term":[{"taxonomy":"category","embeddable":true,"href":"https:\/\/desmotspourdesmaux.org\/en\/wp-json\/wp\/v2\/categories?post=659"},{"taxonomy":"post_tag","embeddable":true,"href":"https:\/\/desmotspourdesmaux.org\/en\/wp-json\/wp\/v2\/tags?post=659"}],"curies":[{"name":"wp","href":"https:\/\/api.w.org\/{rel}","templated":true}]}}